{"id":2420,"date":"2025-12-19T19:55:19","date_gmt":"2025-12-19T19:55:19","guid":{"rendered":"http:\/\/parque.urbano.ubiobio.cl\/?p=2420"},"modified":"2025-12-19T19:57:47","modified_gmt":"2025-12-19T19:57:47","slug":"equipo-de-parque-urbano-ubb-inicia-trabajo-para-replicar-su-modelo-en-la-sede-nuble","status":"publish","type":"post","link":"http:\/\/parque.urbano.ubiobio.cl\/?p=2420","title":{"rendered":"Equipo de Parque Urbano UBB inicia trabajo para replicar su modelo en la sede \u00d1uble"},"content":{"rendered":"<h5>El equipo de Parque Urbano Campus-Concepci\u00f3n, proyecto dirigido por el acad\u00e9mico Dr. Sergio Baeriswyl Rada, realiz\u00f3 su primera visita de trabajo a la sede \u00d1uble de la Universidad, instancia que tuvo por objetivo realizar una primera aproximaci\u00f3n orientada a la replicabilidad del Plan Maestro Participativo y del modelo de gobernanza desarrollado en el Parque Urbano UBB Concepci\u00f3n, el cual se espera implementar progresivamente en el Campus Fernando May.<\/h5>\n<p>En esta ocasi\u00f3n, el equipo, encabezado por el coordinador alterno el acad\u00e9mico Dr. Javier Le\u00f3n Aravena coordinar alterno, fue recibido por Patricia Soto, Coordinadora de Proyectos, y Mois\u00e9s Iturra, Director de Administraci\u00f3n y Presupuesto, junto al equipo de la Universidad del B\u00edo-B\u00edo sede Chill\u00e1n, con quienes se sostuvo una reuni\u00f3n de coordinaci\u00f3n en la Prorrector\u00eda. Entre los principales acuerdos adoptados, se defini\u00f3 trabajar de manera conjunta en el desarrollo del modelo de gobernanza y en el inicio de los preparativos para la elaboraci\u00f3n del Plan Maestro Participativo, considerando el proceso de crecimiento y proyecci\u00f3n del campus, particularmente en el contexto del fortalecimiento del polo de salud.<\/p>\n<p>&nbsp;<\/p>\n<p><img fetchpriority=\"high\" decoding=\"async\" class=\"aligncenter wp-image-2423 size-large\" src=\"http:\/\/parque.urbano.ubiobio.cl\/wp-content\/uploads\/2025\/12\/WhatsApp-Image-2025-12-19-at-16.03.44-1024x768.jpeg\" alt=\"\" width=\"800\" height=\"600\" srcset=\"http:\/\/parque.urbano.ubiobio.cl\/wp-content\/uploads\/2025\/12\/WhatsApp-Image-2025-12-19-at-16.03.44-1024x768.jpeg 1024w, http:\/\/parque.urbano.ubiobio.cl\/wp-content\/uploads\/2025\/12\/WhatsApp-Image-2025-12-19-at-16.03.44-300x225.jpeg 300w, http:\/\/parque.urbano.ubiobio.cl\/wp-content\/uploads\/2025\/12\/WhatsApp-Image-2025-12-19-at-16.03.44-768x576.jpeg 768w, http:\/\/parque.urbano.ubiobio.cl\/wp-content\/uploads\/2025\/12\/WhatsApp-Image-2025-12-19-at-16.03.44-1536x1152.jpeg 1536w, http:\/\/parque.urbano.ubiobio.cl\/wp-content\/uploads\/2025\/12\/WhatsApp-Image-2025-12-19-at-16.03.44.jpeg 1600w\" sizes=\"(max-width: 800px) 100vw, 800px\" \/><br \/>\nAsimismo, durante la tarde, el equipo del proyecto, junto al equipo de Chill\u00e1n, realiz\u00f3 un recorrido de observaci\u00f3n por ambos campus de la sede, con el prop\u00f3sito de levantar antecedentes territoriales, espaciales y funcionales que permitan identificar oportunidades, desaf\u00edos y criterios relevantes para avanzar en el proceso de planificaci\u00f3n y replicabilidad del modelo de Parque Urbano<\/p>\n","protected":false},"excerpt":{"rendered":"<p>El equipo de Parque Urbano Campus-Concepci\u00f3n, proyecto dirigido por el acad\u00e9mico Dr. Sergio Baeriswyl Rada, realiz\u00f3 su primera visita de trabajo a la sede \u00d1uble de la Universidad, instancia que tuvo por objetivo realizar una primera aproximaci\u00f3n orientada a la replicabilidad del Plan Maestro Participativo y del modelo de gobernanza desarrollado en el Parque Urbano [&hellip;]<\/p>\n","protected":false},"author":6,"featured_media":2421,"comment_status":"open","ping_status":"open","sticky":false,"template":"","format":"standard","meta":{"_mi_skip_tracking":false,"footnotes":""},"categories":[1],"tags":[],"class_list":["post-2420","post","type-post","status-publish","format-standard","has-post-thumbnail","hentry","category-actualidad"],"_links":{"self":[{"href":"http:\/\/parque.urbano.ubiobio.cl\/index.php?rest_route=\/wp\/v2\/posts\/2420","targetHints":{"allow":["GET"]}}],"collection":[{"href":"http:\/\/parque.urbano.ubiobio.cl\/index.php?rest_route=\/wp\/v2\/posts"}],"about":[{"href":"http:\/\/parque.urbano.ubiobio.cl\/index.php?rest_route=\/wp\/v2\/types\/post"}],"author":[{"embeddable":true,"href":"http:\/\/parque.urbano.ubiobio.cl\/index.php?rest_route=\/wp\/v2\/users\/6"}],"replies":[{"embeddable":true,"href":"http:\/\/parque.urbano.ubiobio.cl\/index.php?rest_route=%2Fwp%2Fv2%2Fcomments&post=2420"}],"version-history":[{"count":4,"href":"http:\/\/parque.urbano.ubiobio.cl\/index.php?rest_route=\/wp\/v2\/posts\/2420\/revisions"}],"predecessor-version":[{"id":2426,"href":"http:\/\/parque.urbano.ubiobio.cl\/index.php?rest_route=\/wp\/v2\/posts\/2420\/revisions\/2426"}],"wp:featuredmedia":[{"embeddable":true,"href":"http:\/\/parque.urbano.ubiobio.cl\/index.php?rest_route=\/wp\/v2\/media\/2421"}],"wp:attachment":[{"href":"http:\/\/parque.urbano.ubiobio.cl\/index.php?rest_route=%2Fwp%2Fv2%2Fmedia&parent=2420"}],"wp:term":[{"taxonomy":"category","embeddable":true,"href":"http:\/\/parque.urbano.ubiobio.cl\/index.php?rest_route=%2Fwp%2Fv2%2Fcategories&post=2420"},{"taxonomy":"post_tag","embeddable":true,"href":"http:\/\/parque.urbano.ubiobio.cl\/index.php?rest_route=%2Fwp%2Fv2%2Ftags&post=2420"}],"curies":[{"name":"wp","href":"https:\/\/api.w.org\/{rel}","templated":true}]}}