{"id":2351,"date":"2025-11-05T21:28:32","date_gmt":"2025-11-05T21:28:32","guid":{"rendered":"http:\/\/parque.urbano.ubiobio.cl\/?p=2351"},"modified":"2025-11-05T21:28:32","modified_gmt":"2025-11-05T21:28:32","slug":"conoce-al-jurado-del-concurso-de-ideas-de-arquitectura-nuevo-acceso-campus-ubb-concepcion","status":"publish","type":"post","link":"http:\/\/parque.urbano.ubiobio.cl\/?p=2351","title":{"rendered":"Conoce al jurado del Concurso de Ideas de Arquitectura: Nuevo Acceso Campus UBB Concepci\u00f3n"},"content":{"rendered":"<p data-start=\"298\" data-end=\"666\">El pasado <strong data-start=\"308\" data-end=\"331\">11 de junio de 2025<\/strong>, un total de <strong data-start=\"345\" data-end=\"361\">628 personas<\/strong> participaron en la votaci\u00f3n convocada por el <strong data-start=\"407\" data-end=\"437\">Proyecto Parque Urbano UBB<\/strong>, instancia que busc\u00f3 recoger las preferencias de la comunidad universitaria y vecinal respecto a la <strong data-start=\"538\" data-end=\"572\">identidad y el car\u00e1cter urbano<\/strong> que deber\u00eda proyectar el nuevo acceso al <strong data-start=\"614\" data-end=\"665\">Campus Concepci\u00f3n de la Universidad del B\u00edo-B\u00edo<\/strong>.<\/p>\n<p data-start=\"668\" data-end=\"923\">La iniciativa tuvo como objetivo fortalecer la participaci\u00f3n cuatriestamental \u2014estudiantes, funcionarias(os), acad\u00e9micas(os) y vecinas(os)\u2014 en el dise\u00f1o de un espacio emblem\u00e1tico que exprese la <strong data-start=\"862\" data-end=\"920\">presencia y el v\u00ednculo de la Universidad con la ciudad<\/strong>.<\/p>\n<p data-start=\"925\" data-end=\"1133\">Durante la votaci\u00f3n, la comunidad tambi\u00e9n eligi\u00f3 a quienes integrar\u00edan el <strong data-start=\"999\" data-end=\"1083\">jurado del Concurso de Ideas de Arquitectura: Nuevo Acceso Campus UBB Concepci\u00f3n<\/strong>, el cual qued\u00f3 conformado de la siguiente manera:<\/p>\n<h4 data-start=\"1135\" data-end=\"1163\"><strong data-start=\"1140\" data-end=\"1163\">Jurado del Concurso<\/strong><\/h4>\n<ol data-start=\"1164\" data-end=\"1755\">\n<li data-start=\"1164\" data-end=\"1227\">\n<p data-start=\"1167\" data-end=\"1227\"><strong data-start=\"1167\" data-end=\"1208\">Representante de las(os) Estudiantes:<\/strong> Josefa Sep\u00falveda<\/p>\n<\/li>\n<li data-start=\"1228\" data-end=\"1290\">\n<p data-start=\"1231\" data-end=\"1290\"><strong data-start=\"1231\" data-end=\"1272\">Representante de las(os) Vecinas(os):<\/strong> Modesto Vergara<\/p>\n<\/li>\n<li data-start=\"1291\" data-end=\"1354\">\n<p data-start=\"1294\" data-end=\"1354\"><strong data-start=\"1294\" data-end=\"1338\">Representante de las(os) Acad\u00e9micas(os):<\/strong> Jorge Acevedo<\/p>\n<\/li>\n<li data-start=\"1355\" data-end=\"1422\">\n<p data-start=\"1358\" data-end=\"1422\"><strong data-start=\"1358\" data-end=\"1404\">Representante de las(os) Funcionarias(os):<\/strong> Sergio Saavedra<\/p>\n<\/li>\n<li data-start=\"1423\" data-end=\"1479\">\n<p data-start=\"1426\" data-end=\"1479\"><strong data-start=\"1426\" data-end=\"1457\">Arquitecta(o) destacada(o):<\/strong> Alejandra Bancalari<\/p>\n<\/li>\n<li data-start=\"1480\" data-end=\"1527\">\n<p data-start=\"1483\" data-end=\"1527\"><strong data-start=\"1483\" data-end=\"1508\">Artista destacada(o):<\/strong> Sandra Santander<\/p>\n<\/li>\n<li data-start=\"1528\" data-end=\"1580\">\n<p data-start=\"1531\" data-end=\"1580\"><strong data-start=\"1531\" data-end=\"1562\">Urbanista local o nacional:<\/strong> Humberto Eliash<\/p>\n<\/li>\n<li data-start=\"1581\" data-end=\"1625\">\n<p data-start=\"1584\" data-end=\"1625\"><strong data-start=\"1584\" data-end=\"1609\">Historiador(a) local:<\/strong> Diego Mundaca<\/p>\n<\/li>\n<li data-start=\"1626\" data-end=\"1690\">\n<p data-start=\"1629\" data-end=\"1690\"><strong data-start=\"1629\" data-end=\"1672\">Representante de la autoridad regional:<\/strong> Javier Carrasco<\/p>\n<\/li>\n<li data-start=\"1691\" data-end=\"1755\">\n<p data-start=\"1695\" data-end=\"1755\"><strong data-start=\"1695\" data-end=\"1739\">Representante de la autoridad municipal:<\/strong> Karin R\u00fcdiger<\/p>\n<\/li>\n<\/ol>\n<p data-start=\"1757\" data-end=\"2090\">El jurado sesionar\u00e1 este jueves 6 de noviembre\u00a0 \u00a0, con el prop\u00f3sito de <strong data-start=\"1809\" data-end=\"1851\">evaluar las tres propuestas finalistas<\/strong> del concurso. Posteriormente, la comunidad universitaria y vecinal podr\u00e1 participar en una <strong data-start=\"1943\" data-end=\"1963\">votaci\u00f3n abierta<\/strong> para definir la propuesta ganadora, reafirmando as\u00ed el compromiso participativo que distingue al Proyecto Parque Urbano UBB.<\/p>\n","protected":false},"excerpt":{"rendered":"<p>El pasado 11 de junio de 2025, un total de 628 personas participaron en la votaci\u00f3n convocada por el Proyecto Parque Urbano UBB, instancia que busc\u00f3 recoger las preferencias de la comunidad universitaria y vecinal respecto a la identidad y el car\u00e1cter urbano que deber\u00eda proyectar el nuevo acceso al Campus Concepci\u00f3n de la Universidad [&hellip;]<\/p>\n","protected":false},"author":6,"featured_media":2353,"comment_status":"open","ping_status":"open","sticky":false,"template":"","format":"standard","meta":{"_mi_skip_tracking":false,"footnotes":""},"categories":[1],"tags":[],"class_list":["post-2351","post","type-post","status-publish","format-standard","has-post-thumbnail","hentry","category-actualidad"],"_links":{"self":[{"href":"http:\/\/parque.urbano.ubiobio.cl\/index.php?rest_route=\/wp\/v2\/posts\/2351","targetHints":{"allow":["GET"]}}],"collection":[{"href":"http:\/\/parque.urbano.ubiobio.cl\/index.php?rest_route=\/wp\/v2\/posts"}],"about":[{"href":"http:\/\/parque.urbano.ubiobio.cl\/index.php?rest_route=\/wp\/v2\/types\/post"}],"author":[{"embeddable":true,"href":"http:\/\/parque.urbano.ubiobio.cl\/index.php?rest_route=\/wp\/v2\/users\/6"}],"replies":[{"embeddable":true,"href":"http:\/\/parque.urbano.ubiobio.cl\/index.php?rest_route=%2Fwp%2Fv2%2Fcomments&post=2351"}],"version-history":[{"count":1,"href":"http:\/\/parque.urbano.ubiobio.cl\/index.php?rest_route=\/wp\/v2\/posts\/2351\/revisions"}],"predecessor-version":[{"id":2354,"href":"http:\/\/parque.urbano.ubiobio.cl\/index.php?rest_route=\/wp\/v2\/posts\/2351\/revisions\/2354"}],"wp:featuredmedia":[{"embeddable":true,"href":"http:\/\/parque.urbano.ubiobio.cl\/index.php?rest_route=\/wp\/v2\/media\/2353"}],"wp:attachment":[{"href":"http:\/\/parque.urbano.ubiobio.cl\/index.php?rest_route=%2Fwp%2Fv2%2Fmedia&parent=2351"}],"wp:term":[{"taxonomy":"category","embeddable":true,"href":"http:\/\/parque.urbano.ubiobio.cl\/index.php?rest_route=%2Fwp%2Fv2%2Fcategories&post=2351"},{"taxonomy":"post_tag","embeddable":true,"href":"http:\/\/parque.urbano.ubiobio.cl\/index.php?rest_route=%2Fwp%2Fv2%2Ftags&post=2351"}],"curies":[{"name":"wp","href":"https:\/\/api.w.org\/{rel}","templated":true}]}}